{"id":356,"date":"2020-01-29T21:57:10","date_gmt":"2020-01-29T21:57:10","guid":{"rendered":"http:\/\/bielefelder-baeche.de\/?p=356"},"modified":"2020-01-29T22:23:16","modified_gmt":"2020-01-29T22:23:16","slug":"finkenbach","status":"publish","type":"post","link":"https:\/\/bielefelder-baeche.de\/?p=356","title":{"rendered":"Finkenbach"},"content":{"rendered":"\n<p><strong>Quelle:<\/strong> unter dem G\u00fcterbahnhof<br><strong>M\u00fcndung:<\/strong> am Gustav-Stute-Weg (Heepen) in die Lutter II<br><strong>L\u00e4nge:<\/strong> 5,4 km (14 Br\u00fccken)<br><strong>Nebenb\u00e4che: <\/strong>Holzbach (r.)<br><strong>Bachsystem: <\/strong><a href=\"https:\/\/bielefelder-baeche.de\/?p=193\">Lutter II<\/a> <\/p>\n\n\n\n<p class=\"has-small-font-size\"><strong>\u00d6ffis:<\/strong> Bus 23 bis Zur Alten G\u00e4rtnerei (Oberlauf) | Bus 25 bis Petristra\u00dfe&nbsp; oder B\u00f6ttcherstra\u00dfe (Heeper Fichten) | Busse 21, 22, 33 bis Heepen, Am Alten Bauhof (Unterlauf)<\/p>\n\n\n\n<p>Der Finkenbach entspringt mit zwei Quellb\u00e4chen im Industriegebiet am alten Containerbahnhof, flie\u00dft von dort in \u00f6stlicher Richtung, anfangs meist verrohrt. L\u00e4ngs den Stra\u00dfen Zur Alten G\u00e4rtnerei und Am Finkenbach (hinter der Petrikirche) ist er zu sehen, dann wieder in den Heeper Fichten, wo er \u00f6stlich der Althoffstra\u00dfe zu Tage tritt. Im Wald bildet er sch\u00f6ne M\u00e4ander und flie\u00dft weiter ostw\u00e4rts durchs Gr\u00fcnland zum Heeper Friedhof, den er n\u00f6rdlich umgeht. Er flie\u00dft am Gustav-Stute-Weg entlang und bildet kurz vor der M\u00fcndung in die Lutter II in einem Erlenbruch wieder sehenswerte M\u00e4ander. <\/p>\n\n\n\n<!--more-->\n\n\n\n<h3 class=\"wp-block-heading\">Oberlauf in der Oststadt<\/h3>\n\n\n\n<figure class=\"wp-block-image size-large\"><img loading=\"lazy\" decoding=\"async\" width=\"800\" height=\"600\" src=\"https:\/\/bielefelder-baeche.de\/wp-content\/uploads\/2020\/01\/20171228_152832.jpg\" alt=\"\" class=\"wp-image-360\" srcset=\"https:\/\/bielefelder-baeche.de\/wp-content\/uploads\/2020\/01\/20171228_152832.jpg 800w, https:\/\/bielefelder-baeche.de\/wp-content\/uploads\/2020\/01\/20171228_152832-300x225.jpg 300w, https:\/\/bielefelder-baeche.de\/wp-content\/uploads\/2020\/01\/20171228_152832-768x576.jpg 768w\" sizes=\"auto, (max-width: 709px) 85vw, (max-width: 909px) 67vw, (max-width: 984px) 61vw, (max-width: 1362px) 45vw, 600px\" \/><figcaption>Quellbach hinter einem Autohaus am Stadtholz (Korff 2017)<\/figcaption><\/figure>\n\n\n\n<figure class=\"wp-block-image size-large\"><img loading=\"lazy\" decoding=\"async\" width=\"450\" height=\"600\" src=\"https:\/\/bielefelder-baeche.de\/wp-content\/uploads\/2020\/01\/20171228_155408.jpg\" alt=\"\" class=\"wp-image-361\" srcset=\"https:\/\/bielefelder-baeche.de\/wp-content\/uploads\/2020\/01\/20171228_155408.jpg 450w, https:\/\/bielefelder-baeche.de\/wp-content\/uploads\/2020\/01\/20171228_155408-225x300.jpg 225w\" sizes=\"auto, (max-width: 450px) 85vw, 450px\" \/><figcaption>Verrohrte Quelle unterm Containerbahnhof (Korff 2017)<\/figcaption><\/figure>\n\n\n\n<figure class=\"wp-block-image size-large\"><img loading=\"lazy\" decoding=\"async\" width=\"800\" height=\"600\" src=\"https:\/\/bielefelder-baeche.de\/wp-content\/uploads\/2020\/01\/20171228_154927.jpg\" alt=\"\" class=\"wp-image-362\" srcset=\"https:\/\/bielefelder-baeche.de\/wp-content\/uploads\/2020\/01\/20171228_154927.jpg 800w, https:\/\/bielefelder-baeche.de\/wp-content\/uploads\/2020\/01\/20171228_154927-300x225.jpg 300w, https:\/\/bielefelder-baeche.de\/wp-content\/uploads\/2020\/01\/20171228_154927-768x576.jpg 768w\" sizes=\"auto, (max-width: 709px) 85vw, (max-width: 909px) 67vw, (max-width: 984px) 61vw, (max-width: 1362px) 45vw, 600px\" \/><figcaption>Quellbach in der Kleingartenanlage am Containerbahnhof (Korff 2017)<\/figcaption><\/figure>\n\n\n\n<figure class=\"wp-block-image size-large\"><img loading=\"lazy\" decoding=\"async\" width=\"800\" height=\"600\" src=\"https:\/\/bielefelder-baeche.de\/wp-content\/uploads\/2020\/01\/20171228_153309.jpg\" alt=\"\" class=\"wp-image-363\" srcset=\"https:\/\/bielefelder-baeche.de\/wp-content\/uploads\/2020\/01\/20171228_153309.jpg 800w, https:\/\/bielefelder-baeche.de\/wp-content\/uploads\/2020\/01\/20171228_153309-300x225.jpg 300w, https:\/\/bielefelder-baeche.de\/wp-content\/uploads\/2020\/01\/20171228_153309-768x576.jpg 768w\" sizes=\"auto, (max-width: 709px) 85vw, (max-width: 909px) 67vw, (max-width: 984px) 61vw, (max-width: 1362px) 45vw, 600px\" \/><figcaption>Zusammenfluss unter der Bahnstrecke Bielefeld-Lage (Korff 2017)<\/figcaption><\/figure>\n\n\n\n<figure class=\"wp-block-image size-large\"><img loading=\"lazy\" decoding=\"async\" width=\"800\" height=\"600\" src=\"https:\/\/bielefelder-baeche.de\/wp-content\/uploads\/2020\/01\/20171228_153346.jpg\" alt=\"\" class=\"wp-image-364\" srcset=\"https:\/\/bielefelder-baeche.de\/wp-content\/uploads\/2020\/01\/20171228_153346.jpg 800w, https:\/\/bielefelder-baeche.de\/wp-content\/uploads\/2020\/01\/20171228_153346-300x225.jpg 300w, https:\/\/bielefelder-baeche.de\/wp-content\/uploads\/2020\/01\/20171228_153346-768x576.jpg 768w\" sizes=\"auto, (max-width: 709px) 85vw, (max-width: 909px) 67vw, (max-width: 984px) 61vw, (max-width: 1362px) 45vw, 600px\" \/><figcaption>Am Bahndamm Richtung Stockmeyer (Korff 2017)<\/figcaption><\/figure>\n\n\n\n<p>Eine Quelle des Finkenbachs ist unterhalb des fr\u00fcheren <a href=\"https:\/\/de.wikipedia.org\/wiki\/Containerbahnhof_Bielefeld_Ost\">Containerbahnhofs<\/a>, nahe der Borsigstra\u00dfe, verrohrt, ein weiterer Quellbach entspringt am Bahndamm der <a href=\"https:\/\/de.wikipedia.org\/wiki\/Bahnstrecke_Bielefeld%E2%80%93Hameln\">Bahnstrecke Bielefeld\u2013Lage<\/a> hinter einem gro\u00dfen Autohandel Am Stadtholz. Der erste Arm ist in der Kleingartenanlage westlich des Bahndamms auf 20 m zu sehen, ehe er unter dem Bahndamm durchflie\u00dft. An der Ostseite flie\u00dft von rechts der andere Quellbach zu. Der Bach passiert, an einem Werksbahngleis entlangflie\u00dfend, die Chemiefabrik Stockmeyer, ist unter dem Werkering verrohrt und unterquert die Stra\u00dfe Am Stadtholz. L\u00e4ngs eines Fu\u00dfwegs auf einer alten Werkbahntrasse ostw\u00e4rts flie\u00dfend tritt er wieder zu Tage. N\u00f6rdlich der Stra\u00dfe Zur Alten G\u00e4rtnerei durchflie\u00dft er ein Regenr\u00fcckhaltebecken und unterquert die Feldstra\u00dfe. Zwischen Eckendorfer Stra\u00dfe und der Stra\u00dfe Am Finkenbach bildet er einen schmalen Gr\u00fcnzug mit Baumbestand. Unter Finkenstra\u00dfe, Petristra\u00dfe, Ziegelstra\u00dfe und Althoffstra\u00dfe ist er auf 800 m verrohrt und unterflie\u00dft dabei das in den 1920er Jahren entstandene sozialdemokratisch gepr\u00e4gte Viertel \u201eHeeper Fichten\u201c (<a href=\"https:\/\/de.wikipedia.org\/wiki\/Freie_Scholle_(Bielefeld)\">Freie Scholle<\/a>). <\/p>\n\n\n\n<h3 class=\"wp-block-heading\">Mittellauf in den Heeper Fichten<\/h3>\n\n\n\n<figure class=\"wp-block-image size-large\"><img loading=\"lazy\" decoding=\"async\" width=\"800\" height=\"600\" src=\"https:\/\/bielefelder-baeche.de\/wp-content\/uploads\/2020\/01\/IMG_0646.jpg\" alt=\"\" class=\"wp-image-365\" srcset=\"https:\/\/bielefelder-baeche.de\/wp-content\/uploads\/2020\/01\/IMG_0646.jpg 800w, https:\/\/bielefelder-baeche.de\/wp-content\/uploads\/2020\/01\/IMG_0646-300x225.jpg 300w, https:\/\/bielefelder-baeche.de\/wp-content\/uploads\/2020\/01\/IMG_0646-768x576.jpg 768w\" sizes=\"auto, (max-width: 709px) 85vw, (max-width: 909px) 67vw, (max-width: 984px) 61vw, (max-width: 1362px) 45vw, 600px\" \/><figcaption>Austritt aus dem Kanal an der Althoffstra\u00dfe (Korff 2018)<\/figcaption><\/figure>\n\n\n\n<figure class=\"wp-block-image size-large\"><img loading=\"lazy\" decoding=\"async\" width=\"800\" height=\"600\" src=\"https:\/\/bielefelder-baeche.de\/wp-content\/uploads\/2020\/01\/IMG_0636-2.jpg\" alt=\"\" class=\"wp-image-366\" srcset=\"https:\/\/bielefelder-baeche.de\/wp-content\/uploads\/2020\/01\/IMG_0636-2.jpg 800w, https:\/\/bielefelder-baeche.de\/wp-content\/uploads\/2020\/01\/IMG_0636-2-300x225.jpg 300w, https:\/\/bielefelder-baeche.de\/wp-content\/uploads\/2020\/01\/IMG_0636-2-768x576.jpg 768w\" sizes=\"auto, (max-width: 709px) 85vw, (max-width: 909px) 67vw, (max-width: 984px) 61vw, (max-width: 1362px) 45vw, 600px\" \/><figcaption>Am Spielplatz in den Heeper Fichten (Korff 2018)<\/figcaption><\/figure>\n\n\n\n<figure class=\"wp-block-image size-large\"><img loading=\"lazy\" decoding=\"async\" width=\"800\" height=\"600\" src=\"https:\/\/bielefelder-baeche.de\/wp-content\/uploads\/2020\/01\/IMG_0637.jpg\" alt=\"\" class=\"wp-image-367\" srcset=\"https:\/\/bielefelder-baeche.de\/wp-content\/uploads\/2020\/01\/IMG_0637.jpg 800w, https:\/\/bielefelder-baeche.de\/wp-content\/uploads\/2020\/01\/IMG_0637-300x225.jpg 300w, https:\/\/bielefelder-baeche.de\/wp-content\/uploads\/2020\/01\/IMG_0637-768x576.jpg 768w\" sizes=\"auto, (max-width: 709px) 85vw, (max-width: 909px) 67vw, (max-width: 984px) 61vw, (max-width: 1362px) 45vw, 600px\" \/><figcaption>In den Heeper Fichten (Korff 2018)<\/figcaption><\/figure>\n\n\n\n<figure class=\"wp-block-image size-large\"><img loading=\"lazy\" decoding=\"async\" width=\"800\" height=\"600\" src=\"https:\/\/bielefelder-baeche.de\/wp-content\/uploads\/2020\/01\/P1120529.jpg\" alt=\"\" class=\"wp-image-368\" srcset=\"https:\/\/bielefelder-baeche.de\/wp-content\/uploads\/2020\/01\/P1120529.jpg 800w, https:\/\/bielefelder-baeche.de\/wp-content\/uploads\/2020\/01\/P1120529-300x225.jpg 300w, https:\/\/bielefelder-baeche.de\/wp-content\/uploads\/2020\/01\/P1120529-768x576.jpg 768w\" sizes=\"auto, (max-width: 709px) 85vw, (max-width: 909px) 67vw, (max-width: 984px) 61vw, (max-width: 1362px) 45vw, 600px\" \/><figcaption>An der Kleingartenanlage Heepen (Korff 2017)<\/figcaption><\/figure>\n\n\n\n<p>Der Finkenbach tritt im Waldgebiet Heeper Fichten, wenige Meter \u00f6stlich des Endes der Althoffstra\u00dfe, zu Tage. Auf rund 1 km Strecke durchflie\u00dft er den Wald, unterquert an einem Spielplatz den Radrennbahnweg, passiert den Fu\u00dfballplatz des TuS Union 09 und bildet n\u00f6rdlich des <a href=\"https:\/\/www.tus-ost.de\/der-verein\/sport-und-lernpark\">Sport- und Lernparks Heeper Fichten<\/a> sch\u00f6ne M\u00e4ander aus. Er unterquert die Stra\u00dfe Heeper Fichten und flie\u00dft durch Feuchtwiesen s\u00fcdlich der Eckendorfer Stra\u00dfe ostw\u00e4rts Richtung Heepen. S\u00fcdlich des Viertels Werningshof und n\u00f6rdlich der Kleing\u00e4rten am Heeper Friedhof nimmt er von rechts den <strong>Holzbach<\/strong> auf.<\/p>\n\n\n\n<h3 class=\"wp-block-heading\">Unterlauf in Heepen<\/h3>\n\n\n\n<figure class=\"wp-block-image size-large\"><img loading=\"lazy\" decoding=\"async\" width=\"800\" height=\"533\" src=\"https:\/\/bielefelder-baeche.de\/wp-content\/uploads\/2020\/01\/Finkenbach-Brenke1.jpg\" alt=\"\" class=\"wp-image-369\" srcset=\"https:\/\/bielefelder-baeche.de\/wp-content\/uploads\/2020\/01\/Finkenbach-Brenke1.jpg 800w, https:\/\/bielefelder-baeche.de\/wp-content\/uploads\/2020\/01\/Finkenbach-Brenke1-300x200.jpg 300w, https:\/\/bielefelder-baeche.de\/wp-content\/uploads\/2020\/01\/Finkenbach-Brenke1-768x512.jpg 768w\" sizes=\"auto, (max-width: 709px) 85vw, (max-width: 909px) 67vw, (max-width: 984px) 61vw, (max-width: 1362px) 45vw, 600px\" \/><figcaption>Auwald am Gustav-Stute-Weg (Brenke 2017)<\/figcaption><\/figure>\n\n\n\n<figure class=\"wp-block-image size-large\"><img loading=\"lazy\" decoding=\"async\" width=\"800\" height=\"533\" src=\"https:\/\/bielefelder-baeche.de\/wp-content\/uploads\/2020\/01\/Finkenbach-Brenke3.jpg\" alt=\"\" class=\"wp-image-370\" srcset=\"https:\/\/bielefelder-baeche.de\/wp-content\/uploads\/2020\/01\/Finkenbach-Brenke3.jpg 800w, https:\/\/bielefelder-baeche.de\/wp-content\/uploads\/2020\/01\/Finkenbach-Brenke3-300x200.jpg 300w, https:\/\/bielefelder-baeche.de\/wp-content\/uploads\/2020\/01\/Finkenbach-Brenke3-768x512.jpg 768w\" sizes=\"auto, (max-width: 709px) 85vw, (max-width: 909px) 67vw, (max-width: 984px) 61vw, (max-width: 1362px) 45vw, 600px\" \/><figcaption>Auwald am Gustav-Stute-Weg (Brenke 2017)<\/figcaption><\/figure>\n\n\n\n<figure class=\"wp-block-image size-large\"><img loading=\"lazy\" decoding=\"async\" width=\"800\" height=\"600\" src=\"https:\/\/bielefelder-baeche.de\/wp-content\/uploads\/2020\/01\/P1130338.jpg\" alt=\"\" class=\"wp-image-371\" srcset=\"https:\/\/bielefelder-baeche.de\/wp-content\/uploads\/2020\/01\/P1130338.jpg 800w, https:\/\/bielefelder-baeche.de\/wp-content\/uploads\/2020\/01\/P1130338-300x225.jpg 300w, https:\/\/bielefelder-baeche.de\/wp-content\/uploads\/2020\/01\/P1130338-768x576.jpg 768w\" sizes=\"auto, (max-width: 709px) 85vw, (max-width: 909px) 67vw, (max-width: 984px) 61vw, (max-width: 1362px) 45vw, 600px\" \/><figcaption>Auwald am Gustav-Stute-Weg (Korff 2017)<\/figcaption><\/figure>\n\n\n\n<figure class=\"wp-block-image size-large\"><img loading=\"lazy\" decoding=\"async\" width=\"800\" height=\"600\" src=\"https:\/\/bielefelder-baeche.de\/wp-content\/uploads\/2020\/01\/P1130340.jpg\" alt=\"\" class=\"wp-image-372\" srcset=\"https:\/\/bielefelder-baeche.de\/wp-content\/uploads\/2020\/01\/P1130340.jpg 800w, https:\/\/bielefelder-baeche.de\/wp-content\/uploads\/2020\/01\/P1130340-300x225.jpg 300w, https:\/\/bielefelder-baeche.de\/wp-content\/uploads\/2020\/01\/P1130340-768x576.jpg 768w\" sizes=\"auto, (max-width: 709px) 85vw, (max-width: 909px) 67vw, (max-width: 984px) 61vw, (max-width: 1362px) 45vw, 600px\" \/><figcaption>M\u00fcndung in die Lutter II am Gustav-Stute-Weg (Korff 2017)<\/figcaption><\/figure>\n\n\n\n<p>200 m \u00f6stlich der Holzbachm\u00fcndung unterquert der Finkenbach die Vogteistra\u00dfe, wobei er \u00fcber rd. 1 km n\u00f6rdlich parallel zur Lutter II verl\u00e4uft. Er pr\u00e4gt den Gr\u00fcnzug mit dem <strong>Gustav-Stute-Weg<\/strong> und tritt nach Unterquerung des Wegs in einen kleinen Erlenbruchwald ein, in dem er drei gro\u00dfe M\u00e4ander ausgebildet hat. 100 m westlich der Eckendorfer Stra\u00dfe und 50 m n\u00f6rdlich des Harzwegs unterquert er abermals den Gustav-Stute-Weg und m\u00fcndet von links in die <strong><a href=\"https:\/\/bielefelder-baeche.de\/?p=193\">Lutter II<\/a> <\/strong>ein. <\/p>\n","protected":false},"excerpt":{"rendered":"<p>Quelle: unter dem G\u00fcterbahnhofM\u00fcndung: am Gustav-Stute-Weg (Heepen) in die Lutter IIL\u00e4nge: 5,4 km (14 Br\u00fccken)Nebenb\u00e4che: Holzbach (r.)Bachsystem: Lutter II \u00d6ffis: Bus 23 bis Zur Alten G\u00e4rtnerei (Oberlauf) | Bus 25 bis Petristra\u00dfe&nbsp; oder B\u00f6ttcherstra\u00dfe (Heeper Fichten) | Busse 21, 22, 33 bis Heepen, Am Alten Bauhof (Unterlauf) Der Finkenbach entspringt mit zwei Quellb\u00e4chen im Industriegebiet &hellip; <a href=\"https:\/\/bielefelder-baeche.de\/?p=356\" class=\"more-link\"><span class=\"screen-reader-text\">\u201eFinkenbach\u201c <\/span>weiterlesen<\/a><\/p>\n","protected":false},"author":1,"featured_media":359,"comment_status":"open","ping_status":"open","sticky":false,"template":"","format":"standard","meta":{"footnotes":""},"categories":[29,30],"tags":[],"class_list":["post-356","post","type-post","status-publish","format-standard","has-post-thumbnail","hentry","category-bielefeld-ost","category-heepen"],"_links":{"self":[{"href":"https:\/\/bielefelder-baeche.de\/index.php?rest_route=\/wp\/v2\/posts\/356","targetHints":{"allow":["GET"]}}],"collection":[{"href":"https:\/\/bielefelder-baeche.de\/index.php?rest_route=\/wp\/v2\/posts"}],"about":[{"href":"https:\/\/bielefelder-baeche.de\/index.php?rest_route=\/wp\/v2\/types\/post"}],"author":[{"embeddable":true,"href":"https:\/\/bielefelder-baeche.de\/index.php?rest_route=\/wp\/v2\/users\/1"}],"replies":[{"embeddable":true,"href":"https:\/\/bielefelder-baeche.de\/index.php?rest_route=%2Fwp%2Fv2%2Fcomments&post=356"}],"version-history":[{"count":2,"href":"https:\/\/bielefelder-baeche.de\/index.php?rest_route=\/wp\/v2\/posts\/356\/revisions"}],"predecessor-version":[{"id":373,"href":"https:\/\/bielefelder-baeche.de\/index.php?rest_route=\/wp\/v2\/posts\/356\/revisions\/373"}],"wp:featuredmedia":[{"embeddable":true,"href":"https:\/\/bielefelder-baeche.de\/index.php?rest_route=\/wp\/v2\/media\/359"}],"wp:attachment":[{"href":"https:\/\/bielefelder-baeche.de\/index.php?rest_route=%2Fwp%2Fv2%2Fmedia&parent=356"}],"wp:term":[{"taxonomy":"category","embeddable":true,"href":"https:\/\/bielefelder-baeche.de\/index.php?rest_route=%2Fwp%2Fv2%2Fcategories&post=356"},{"taxonomy":"post_tag","embeddable":true,"href":"https:\/\/bielefelder-baeche.de\/index.php?rest_route=%2Fwp%2Fv2%2Ftags&post=356"}],"curies":[{"name":"wp","href":"https:\/\/api.w.org\/{rel}","templated":true}]}}