{"id":430,"date":"2020-02-09T17:04:14","date_gmt":"2020-02-09T17:04:14","guid":{"rendered":"http:\/\/bielefelder-baeche.de\/?p=430"},"modified":"2020-02-09T17:16:01","modified_gmt":"2020-02-09T17:16:01","slug":"krebsbach","status":"publish","type":"post","link":"https:\/\/bielefelder-baeche.de\/?p=430","title":{"rendered":"Krebsbach"},"content":{"rendered":"\n<p><strong>Quelle:<\/strong> im Teutoburger Wald westlich von Meyer zu Hoberge<br><strong>M\u00fcndung:<\/strong> an der Stra\u00dfe Twellbachtal in den Johannisbach<br><strong>L\u00e4nge:<\/strong> 2,3 km (7 Br\u00fccken)<br><strong>Nebenb\u00e4che:<\/strong> Horstbach<br><strong>Bachsystem: <\/strong><a href=\"https:\/\/bielefelder-baeche.de\/?p=119\">Johannisbach<\/a> <\/p>\n\n\n\n<p>Der Krebsbach ist ein naturnaher Waldbach. Er entspringt im Teutoburger Wald rd. 800 m westlich des Hofs Meyer zu Hoberge, dem zentralen Geb\u00e4ude des Golfplatzes. Der gesamte Oberlauf befindet sich im <strong><a href=\"http:\/\/nsg.naturschutzinformationen.nrw.de\/nsg\/de\/fachinfo\/gebiete\/gesamt\/BI_042\">Naturschutzgebiet Krebsbach- und Horstbachtal<\/a><\/strong>, das u.a. einen auentypischen Erlen-Eschen-Wald sch\u00fctzt. Der Krebsbach flie\u00dft in nord\u00f6stlicher Richtung, unterquert bei einem Reiterhof die Stra\u00dfe Am Krebsbach und nimmt dort von links den <strong>Horstbach<\/strong> auf. Dieser ist, anders als der Krebsbach, ein Wiesenbach. Der Krebsbach bleibt parallel zur Stra\u00dfe Am Krebsbach, wo sch\u00f6ne M\u00e4ander zu sehen sind, und unterquert 300 m nach der Einm\u00fcndung des Horstbachs die Dornberger Stra\u00dfe. Unterhalb der Stra\u00dfenkurve nimmt er von links einen namenlosen Nebenbach auf. M\u00e4andrierend durchflie\u00dft er ein schmales Auw\u00e4ldchen, unterquert 700 m weiter unterhalb den Wanderweg, der von der Stra\u00dfe An der Krebskuhle Richtung Kirchdornberg f\u00fchrt. 200 m weiter nordwestlich unterquert er die Stra\u00dfe Twellbachtal und m\u00fcndet n\u00f6rdlich der Stra\u00dfe von links in den <strong><a href=\"https:\/\/bielefelder-baeche.de\/?p=119\">Johannisbach<\/a><\/strong>. Die M\u00fcndung liegt im <strong>Naturschutzgebiet Oberes Johannisbachtal mit Nebent\u00e4lern<\/strong>. <\/p>\n\n\n\n<!--more-->\n\n\n\n<figure class=\"wp-block-image size-large\"><img loading=\"lazy\" decoding=\"async\" width=\"1024\" height=\"768\" src=\"https:\/\/bielefelder-baeche.de\/wp-content\/uploads\/2020\/02\/DSCN2450.jpg\" alt=\"\" class=\"wp-image-432\" srcset=\"https:\/\/bielefelder-baeche.de\/wp-content\/uploads\/2020\/02\/DSCN2450.jpg 1024w, https:\/\/bielefelder-baeche.de\/wp-content\/uploads\/2020\/02\/DSCN2450-300x225.jpg 300w, https:\/\/bielefelder-baeche.de\/wp-content\/uploads\/2020\/02\/DSCN2450-768x576.jpg 768w\" sizes=\"auto, (max-width: 709px) 85vw, (max-width: 909px) 67vw, (max-width: 1362px) 62vw, 840px\" \/><figcaption>Krebsbach im Teutoburger Wald nahe am Golfplatz (Korff 2015)<\/figcaption><\/figure>\n\n\n\n<figure class=\"wp-block-image size-large\"><img loading=\"lazy\" decoding=\"async\" width=\"1024\" height=\"768\" src=\"https:\/\/bielefelder-baeche.de\/wp-content\/uploads\/2020\/02\/DSCN2447.jpg\" alt=\"\" class=\"wp-image-433\" srcset=\"https:\/\/bielefelder-baeche.de\/wp-content\/uploads\/2020\/02\/DSCN2447.jpg 1024w, https:\/\/bielefelder-baeche.de\/wp-content\/uploads\/2020\/02\/DSCN2447-300x225.jpg 300w, https:\/\/bielefelder-baeche.de\/wp-content\/uploads\/2020\/02\/DSCN2447-768x576.jpg 768w\" sizes=\"auto, (max-width: 709px) 85vw, (max-width: 909px) 67vw, (max-width: 1362px) 62vw, 840px\" \/><figcaption>Krebsbach im Teutoburger Wald nahe am Golfplatz (Korff 2015)<\/figcaption><\/figure>\n\n\n\n<figure class=\"wp-block-image size-large\"><img loading=\"lazy\" decoding=\"async\" width=\"1024\" height=\"768\" src=\"https:\/\/bielefelder-baeche.de\/wp-content\/uploads\/2020\/02\/DSCN2442.jpg\" alt=\"\" class=\"wp-image-434\" srcset=\"https:\/\/bielefelder-baeche.de\/wp-content\/uploads\/2020\/02\/DSCN2442.jpg 1024w, https:\/\/bielefelder-baeche.de\/wp-content\/uploads\/2020\/02\/DSCN2442-300x225.jpg 300w, https:\/\/bielefelder-baeche.de\/wp-content\/uploads\/2020\/02\/DSCN2442-768x576.jpg 768w\" sizes=\"auto, (max-width: 709px) 85vw, (max-width: 909px) 67vw, (max-width: 1362px) 62vw, 840px\" \/><figcaption>Neben der Stra\u00dfe Am Krebsbach, H\u00f6he Reiterhof (Korff 2015)<\/figcaption><\/figure>\n\n\n\n<figure class=\"wp-block-image size-large\"><img loading=\"lazy\" decoding=\"async\" width=\"1024\" height=\"768\" src=\"https:\/\/bielefelder-baeche.de\/wp-content\/uploads\/2020\/02\/DSCN2444.jpg\" alt=\"\" class=\"wp-image-435\" srcset=\"https:\/\/bielefelder-baeche.de\/wp-content\/uploads\/2020\/02\/DSCN2444.jpg 1024w, https:\/\/bielefelder-baeche.de\/wp-content\/uploads\/2020\/02\/DSCN2444-300x225.jpg 300w, https:\/\/bielefelder-baeche.de\/wp-content\/uploads\/2020\/02\/DSCN2444-768x576.jpg 768w\" sizes=\"auto, (max-width: 709px) 85vw, (max-width: 909px) 67vw, (max-width: 1362px) 62vw, 840px\" \/><figcaption>Nahe der Stra\u00dfe Am Krebsbach, H\u00f6he Reiterhof (Korff 2015)<\/figcaption><\/figure>\n\n\n\n<figure class=\"wp-block-image size-large\"><img loading=\"lazy\" decoding=\"async\" width=\"1024\" height=\"768\" src=\"https:\/\/bielefelder-baeche.de\/wp-content\/uploads\/2020\/02\/20160606_173751.jpg\" alt=\"\" class=\"wp-image-436\" srcset=\"https:\/\/bielefelder-baeche.de\/wp-content\/uploads\/2020\/02\/20160606_173751.jpg 1024w, https:\/\/bielefelder-baeche.de\/wp-content\/uploads\/2020\/02\/20160606_173751-300x225.jpg 300w, https:\/\/bielefelder-baeche.de\/wp-content\/uploads\/2020\/02\/20160606_173751-768x576.jpg 768w\" sizes=\"auto, (max-width: 709px) 85vw, (max-width: 909px) 67vw, (max-width: 1362px) 62vw, 840px\" \/><figcaption>Krebsbachtal unterhalb der Dornberger Stra\u00dfe (Korff 2016)<\/figcaption><\/figure>\n\n\n\n<figure class=\"wp-block-image size-large\"><img loading=\"lazy\" decoding=\"async\" width=\"1024\" height=\"768\" src=\"https:\/\/bielefelder-baeche.de\/wp-content\/uploads\/2020\/02\/20160606_172344-1.jpg\" alt=\"\" class=\"wp-image-437\" srcset=\"https:\/\/bielefelder-baeche.de\/wp-content\/uploads\/2020\/02\/20160606_172344-1.jpg 1024w, https:\/\/bielefelder-baeche.de\/wp-content\/uploads\/2020\/02\/20160606_172344-1-300x225.jpg 300w, https:\/\/bielefelder-baeche.de\/wp-content\/uploads\/2020\/02\/20160606_172344-1-768x576.jpg 768w\" sizes=\"auto, (max-width: 709px) 85vw, (max-width: 909px) 67vw, (max-width: 1362px) 62vw, 840px\" \/><figcaption>Nahe der Stra\u00dfe An der Krebskuhle (Korff 2016)<\/figcaption><\/figure>\n","protected":false},"excerpt":{"rendered":"<p>Quelle: im Teutoburger Wald westlich von Meyer zu HobergeM\u00fcndung: an der Stra\u00dfe Twellbachtal in den JohannisbachL\u00e4nge: 2,3 km (7 Br\u00fccken)Nebenb\u00e4che: HorstbachBachsystem: Johannisbach Der Krebsbach ist ein naturnaher Waldbach. Er entspringt im Teutoburger Wald rd. 800 m westlich des Hofs Meyer zu Hoberge, dem zentralen Geb\u00e4ude des Golfplatzes. Der gesamte Oberlauf befindet sich im Naturschutzgebiet Krebsbach- &hellip; <a href=\"https:\/\/bielefelder-baeche.de\/?p=430\" class=\"more-link\"><span class=\"screen-reader-text\">\u201eKrebsbach\u201c <\/span>weiterlesen<\/a><\/p>\n","protected":false},"author":1,"featured_media":431,"comment_status":"open","ping_status":"open","sticky":false,"template":"","format":"standard","meta":{"footnotes":""},"categories":[21,19],"tags":[],"class_list":["post-430","post","type-post","status-publish","format-standard","has-post-thumbnail","hentry","category-dornberg","category-hoberge-uerentrup"],"_links":{"self":[{"href":"https:\/\/bielefelder-baeche.de\/index.php?rest_route=\/wp\/v2\/posts\/430","targetHints":{"allow":["GET"]}}],"collection":[{"href":"https:\/\/bielefelder-baeche.de\/index.php?rest_route=\/wp\/v2\/posts"}],"about":[{"href":"https:\/\/bielefelder-baeche.de\/index.php?rest_route=\/wp\/v2\/types\/post"}],"author":[{"embeddable":true,"href":"https:\/\/bielefelder-baeche.de\/index.php?rest_route=\/wp\/v2\/users\/1"}],"replies":[{"embeddable":true,"href":"https:\/\/bielefelder-baeche.de\/index.php?rest_route=%2Fwp%2Fv2%2Fcomments&post=430"}],"version-history":[{"count":3,"href":"https:\/\/bielefelder-baeche.de\/index.php?rest_route=\/wp\/v2\/posts\/430\/revisions"}],"predecessor-version":[{"id":442,"href":"https:\/\/bielefelder-baeche.de\/index.php?rest_route=\/wp\/v2\/posts\/430\/revisions\/442"}],"wp:featuredmedia":[{"embeddable":true,"href":"https:\/\/bielefelder-baeche.de\/index.php?rest_route=\/wp\/v2\/media\/431"}],"wp:attachment":[{"href":"https:\/\/bielefelder-baeche.de\/index.php?rest_route=%2Fwp%2Fv2%2Fmedia&parent=430"}],"wp:term":[{"taxonomy":"category","embeddable":true,"href":"https:\/\/bielefelder-baeche.de\/index.php?rest_route=%2Fwp%2Fv2%2Fcategories&post=430"},{"taxonomy":"post_tag","embeddable":true,"href":"https:\/\/bielefelder-baeche.de\/index.php?rest_route=%2Fwp%2Fv2%2Ftags&post=430"}],"curies":[{"name":"wp","href":"https:\/\/api.w.org\/{rel}","templated":true}]}}