{"id":469,"date":"2020-02-14T13:38:43","date_gmt":"2020-02-14T13:38:43","guid":{"rendered":"http:\/\/bielefelder-baeche.de\/?p=469"},"modified":"2023-05-08T07:44:15","modified_gmt":"2023-05-08T07:44:15","slug":"tueterbach","status":"publish","type":"post","link":"https:\/\/bielefelder-baeche.de\/?p=469","title":{"rendered":"T\u00fcterbach"},"content":{"rendered":"\n<p><strong>Quelle:<\/strong> am S\u00fcdring<br><strong>M\u00fcndung:<\/strong> am Bohlenweg in den Tr\u00fcggelbach<br><strong>L\u00e4nge:<\/strong> 2,8 km (6 Br\u00fccken)<br><strong>Bachsystem: <\/strong><a href=\"https:\/\/bielefelder-baeche.de\/?p=460\">Tr\u00fcggelbach<\/a> &gt; <a href=\"https:\/\/bielefelder-baeche.de\/?p=63\">Lutter I<\/a> (Ems-Lutter)<\/p>\n\n\n\n<p>Der T\u00fcterbach entspringt nahe einem M\u00f6belmarkt am S\u00fcdring von <a href=\"https:\/\/de.wikipedia.org\/wiki\/Brackwede\">Brackwede<\/a>, flie\u00dft von dort in s\u00fcdwestlicher Richtung parallel zur G\u00fctersloher Stra\u00dfe (B 66) und m\u00fcndet am Ortsrand von <a href=\"https:\/\/de.wikipedia.org\/wiki\/Ummeln_(Bielefeld)\">Ummeln<\/a> in den Tr\u00fcggelbach.<\/p>\n\n\n\n<!--more-->\n\n\n\n<figure class=\"wp-block-image size-large\"><img loading=\"lazy\" decoding=\"async\" width=\"1024\" height=\"768\" src=\"https:\/\/bielefelder-baeche.de\/wp-content\/uploads\/2020\/02\/P1150014.jpg\" alt=\"\" class=\"wp-image-472\" srcset=\"https:\/\/bielefelder-baeche.de\/wp-content\/uploads\/2020\/02\/P1150014.jpg 1024w, https:\/\/bielefelder-baeche.de\/wp-content\/uploads\/2020\/02\/P1150014-300x225.jpg 300w, https:\/\/bielefelder-baeche.de\/wp-content\/uploads\/2020\/02\/P1150014-768x576.jpg 768w\" sizes=\"auto, (max-width: 709px) 85vw, (max-width: 909px) 67vw, (max-width: 1362px) 62vw, 840px\" \/><figcaption class=\"wp-element-caption\">T\u00fcterbach-M\u00e4ander nahe der Winterstra\u00dfe (Korff 2018)<\/figcaption><\/figure>\n\n\n\n<figure class=\"wp-block-image size-large\"><img loading=\"lazy\" decoding=\"async\" width=\"1024\" height=\"768\" src=\"https:\/\/bielefelder-baeche.de\/wp-content\/uploads\/2020\/02\/P1150046.jpg\" alt=\"\" class=\"wp-image-473\" srcset=\"https:\/\/bielefelder-baeche.de\/wp-content\/uploads\/2020\/02\/P1150046.jpg 1024w, https:\/\/bielefelder-baeche.de\/wp-content\/uploads\/2020\/02\/P1150046-300x225.jpg 300w, https:\/\/bielefelder-baeche.de\/wp-content\/uploads\/2020\/02\/P1150046-768x576.jpg 768w\" sizes=\"auto, (max-width: 709px) 85vw, (max-width: 909px) 67vw, (max-width: 1362px) 62vw, 840px\" \/><figcaption class=\"wp-element-caption\">T\u00fcterbach am Pivitsweg (Korff 2018)<\/figcaption><\/figure>\n\n\n\n<figure class=\"wp-block-image size-large\"><img loading=\"lazy\" decoding=\"async\" width=\"1024\" height=\"768\" src=\"https:\/\/bielefelder-baeche.de\/wp-content\/uploads\/2020\/02\/P1150048.jpg\" alt=\"\" class=\"wp-image-474\" srcset=\"https:\/\/bielefelder-baeche.de\/wp-content\/uploads\/2020\/02\/P1150048.jpg 1024w, https:\/\/bielefelder-baeche.de\/wp-content\/uploads\/2020\/02\/P1150048-300x225.jpg 300w, https:\/\/bielefelder-baeche.de\/wp-content\/uploads\/2020\/02\/P1150048-768x576.jpg 768w\" sizes=\"auto, (max-width: 709px) 85vw, (max-width: 909px) 67vw, (max-width: 1362px) 62vw, 840px\" \/><figcaption class=\"wp-element-caption\">T\u00fcterbach am Pivitsweg in Ummeln (Korff 2018)<\/figcaption><\/figure>\n\n\n\n<p>Die Quelle befindet sich auf dem Parkplatz von Ikea am S\u00fcdring. Der T\u00fcterbach flie\u00dft zun\u00e4chst in westlicher Richtung parallel zum S\u00fcdring, unterquert die \u00f6stliche Auffahrt zum Ostwestfalendamm und speist den Teich innerhalb der Auffahrt. Der Auslauf des Teiches ist verrohrt und unterquert den Ostwestfalendamm, speist den Teich innerhalb der westlichen Auffahrt und unterquert auch diese. Westlich davon ist er unter dem Parkplatz am B\u00f6llhoff-Werk meist verrohrt und unterquert in H\u00f6he der Einm\u00fcndung Im Brocke den S\u00fcdring. Der vom S\u00fcdring nach S\u00fcden abzweigende T\u00fcterweg verweist auf den gleichnamigen Bach. In einem bewaldeten Gr\u00fcnzug passiert er das Gel\u00e4nde des Toom-Baumarktes und unterquert 300 m weiter s\u00fcdwestlich, neben einer stattlichen Eiche, die Winterstra\u00dfe. S\u00fcdwestlich der Stra\u00dfe bildet er eine Reihe sch\u00f6ner M\u00e4ander aus, die man hier zwischen Autobahnen und Baum\u00e4rkten nicht erwartet. Er unterquert die neue Trasse der A 33 und nimmt s\u00fcdlich davon von links einen namenlosen Nebenbach auf. Weiterhin wird sein Lauf von einem Waldstreifen begleitet. Er unterquert den Pivitsweg, schl\u00e4gt einen Bogen durch den Wald und verl\u00e4sst ihn, nun begradigt, in s\u00fcdwestlicher Richtung durch Wiesen flie\u00dfend. Er umrundet eine Hofanlage n\u00f6rdlich, unterquert die Kasseler Stra\u00dfe und m\u00fcndet am Bohlenweg von links in den <strong><a href=\"https:\/\/bielefelder-baeche.de\/?p=460\">Tr\u00fcggelbach<\/a><\/strong>.<\/p>\n\n\n\n<p><strong>Der Name T\u00fcterbach<\/strong> kommt vom Wort &#8222;T\u00fctern&#8220;, einer rund um Ummeln gebr\u00e4uchlichen Flurbezeichnung f\u00fcr undurchdringliche Geb\u00fcsche.<\/p>\n\n\n\n<h3 class=\"wp-block-heading\">Bedrohung durch Gewerbebauten<\/h3>\n\n\n\n<p>im Januar 2021 haben sich BUND Bielefeld und Naturschutzbeirat intensiv mit dem Vorhaben besch\u00e4ftigt, die T\u00fcterbachaue in Ummeln zwischen Waldrand, Pivitsweg, G\u00fctersloher Stra\u00dfe und Kasseler Stra\u00dfe mit einem neuen Betriebsgel\u00e4nde des Mineralwasserherstellers Christinen-Brunnen zu bebauen. <a href=\"https:\/\/bielefeld.bund.net\/service\/meldungen\/detail\/news\/neuer-flaechenfrass-massiver-eingriff-in-landschaft-und-wasserschutzgebiet-geplant\/\">Im Januar 2021 kritisierte der BUND Bielefeld <\/a>einen &#8222;der massivsten Eingriffe in den Landschaftsschutz im Bielefelder S\u00fcden der letzten Jahrzehnte&#8220;. &#8222;Besonders kritisch ist aus Sicht des BUND, dass die neue Gewerbefl\u00e4che viel zu dicht an die sch\u00fctzenswerte Aue des \u00f6kologisch wertvollen T\u00fcterbaches heranreichen soll.&#8220;  <\/p>\n\n\n\n<p><a href=\"https:\/\/bielefeld.bund.net\/service\/meldungen\/detail\/news\/naturschutzbeirat-lehnt-gewerbegebiet-mit-grosser-mehrheit-ab\/\">Am 19.1.2021 lehnte der Naturschutzbeirat<\/a> der Stadt Bielefeld die geplante Bebauung mit gro\u00dfer Mehrheit ab: &#8222;Mit dem vorgelegten Bebauungsplan \u201eG\u00fctersloher Stra\u00dfe\u201c ist einer der massivsten Eingriffe in den Landschaftsschutz und Grundwasserschutz im Bielefelder S\u00fcden der letzten Jahrzehnte geplant. In Anbetracht der akuten Klimakrise und auch zum Schutz unserer Wasserversorgung ist ein solcher Eingriff in den Landschafts- und Trinkwasserschutz nicht zu verantworten.&#8220;<\/p>\n\n\n\n<p>Im Mai 2023 schrieb der BUND Bielefeld in gleicher Angelegenheit einen <a href=\"https:\/\/bielefeld.bund.net\/service\/meldungen\/detail\/news\/expansion-von-gehring-bunte-widerspricht-wasser-und-klimaschutz\/\">offenen Brief an den Rat und den Oberb\u00fcrgermeister<\/a> der Stadt Bielefeld. Petra Schepsmeier f\u00fcr den BUND-Vorstand: \u201eDie Planungen widersprechen sowohl dem Natur- und Trinkwasserschutz als auch den Klimazielen, die sich die Stadt selbst gesetzt hat.&#8220;<\/p>\n","protected":false},"excerpt":{"rendered":"<p>Quelle: am S\u00fcdringM\u00fcndung: am Bohlenweg in den Tr\u00fcggelbachL\u00e4nge: 2,8 km (6 Br\u00fccken)Bachsystem: Tr\u00fcggelbach &gt; Lutter I (Ems-Lutter) Der T\u00fcterbach entspringt nahe einem M\u00f6belmarkt am S\u00fcdring von Brackwede, flie\u00dft von dort in s\u00fcdwestlicher Richtung parallel zur G\u00fctersloher Stra\u00dfe (B 66) und m\u00fcndet am Ortsrand von Ummeln in den Tr\u00fcggelbach.<\/p>\n","protected":false},"author":1,"featured_media":470,"comment_status":"open","ping_status":"open","sticky":false,"template":"","format":"standard","meta":{"footnotes":""},"categories":[9,8],"tags":[],"class_list":["post-469","post","type-post","status-publish","format-standard","has-post-thumbnail","hentry","category-brackwede","category-ummeln"],"_links":{"self":[{"href":"https:\/\/bielefelder-baeche.de\/index.php?rest_route=\/wp\/v2\/posts\/469","targetHints":{"allow":["GET"]}}],"collection":[{"href":"https:\/\/bielefelder-baeche.de\/index.php?rest_route=\/wp\/v2\/posts"}],"about":[{"href":"https:\/\/bielefelder-baeche.de\/index.php?rest_route=\/wp\/v2\/types\/post"}],"author":[{"embeddable":true,"href":"https:\/\/bielefelder-baeche.de\/index.php?rest_route=\/wp\/v2\/users\/1"}],"replies":[{"embeddable":true,"href":"https:\/\/bielefelder-baeche.de\/index.php?rest_route=%2Fwp%2Fv2%2Fcomments&post=469"}],"version-history":[{"count":6,"href":"https:\/\/bielefelder-baeche.de\/index.php?rest_route=\/wp\/v2\/posts\/469\/revisions"}],"predecessor-version":[{"id":670,"href":"https:\/\/bielefelder-baeche.de\/index.php?rest_route=\/wp\/v2\/posts\/469\/revisions\/670"}],"wp:featuredmedia":[{"embeddable":true,"href":"https:\/\/bielefelder-baeche.de\/index.php?rest_route=\/wp\/v2\/media\/470"}],"wp:attachment":[{"href":"https:\/\/bielefelder-baeche.de\/index.php?rest_route=%2Fwp%2Fv2%2Fmedia&parent=469"}],"wp:term":[{"taxonomy":"category","embeddable":true,"href":"https:\/\/bielefelder-baeche.de\/index.php?rest_route=%2Fwp%2Fv2%2Fcategories&post=469"},{"taxonomy":"post_tag","embeddable":true,"href":"https:\/\/bielefelder-baeche.de\/index.php?rest_route=%2Fwp%2Fv2%2Ftags&post=469"}],"curies":[{"name":"wp","href":"https:\/\/api.w.org\/{rel}","templated":true}]}}