{"id":477,"date":"2020-02-14T13:49:18","date_gmt":"2020-02-14T13:49:18","guid":{"rendered":"http:\/\/bielefelder-baeche.de\/?p=477"},"modified":"2020-02-15T13:01:51","modified_gmt":"2020-02-15T13:01:51","slug":"sunderbach","status":"publish","type":"post","link":"https:\/\/bielefelder-baeche.de\/?p=477","title":{"rendered":"Sunderbach"},"content":{"rendered":"\n<p><strong>Quelle:<\/strong> am S\u00fcdring, in H\u00f6he der Bahn\u00fcberf\u00fchrung<br><strong>M\u00fcndung:<\/strong> \u00f6stlich der Kasseler Stra\u00dfe in den Tr\u00fcggelbach<br><strong>L\u00e4nge:<\/strong> 2,7 km (6 Br\u00fccken)<br><strong>Nebenb\u00e4che: <\/strong><a href=\"https:\/\/bielefelder-baeche.de\/?p=482\">Grippenbach<\/a> (l.)<br><strong>Bachsystem: <\/strong><a href=\"https:\/\/bielefelder-baeche.de\/?p=460\">Tr\u00fcggelbach<\/a> &gt; <a href=\"https:\/\/bielefelder-baeche.de\/?p=63\">Lutter I<\/a> (Ems-Lutter)<\/p>\n\n\n\n<p>Der Sunderbach (<a href=\"https:\/\/de.wikipedia.org\/wiki\/Sunderbach_(Tr%C3%BCggelbach)\">Wikipedia<\/a>) entspringt am S\u00fcdrand von <a href=\"https:\/\/de.wikipedia.org\/wiki\/Brackwede\">Brackwede<\/a>, in einem schmalen Geh\u00f6lz an der S\u00fcdseite des S\u00fcdrings und an der Westseite des Bahndamms. Er flie\u00dft meist in s\u00fcdwestlicher Richtung ab, unterquert die neue Autobahnabfahrt Bielefeld-Zentrum und m\u00fcndet in der Wiesenlandschaft \u00f6stlich von <a href=\"https:\/\/de.wikipedia.org\/wiki\/Ummeln_(Bielefeld)\">Ummeln<\/a> von rechts in den Tr\u00fcggelbach.<\/p>\n\n\n\n<!--more-->\n\n\n\n<figure class=\"wp-block-image size-large\"><img loading=\"lazy\" decoding=\"async\" width=\"1024\" height=\"768\" src=\"https:\/\/bielefelder-baeche.de\/wp-content\/uploads\/2020\/02\/Sunderbach-vom-Pivitsweg.jpg\" alt=\"\" class=\"wp-image-479\" srcset=\"https:\/\/bielefelder-baeche.de\/wp-content\/uploads\/2020\/02\/Sunderbach-vom-Pivitsweg.jpg 1024w, https:\/\/bielefelder-baeche.de\/wp-content\/uploads\/2020\/02\/Sunderbach-vom-Pivitsweg-300x225.jpg 300w, https:\/\/bielefelder-baeche.de\/wp-content\/uploads\/2020\/02\/Sunderbach-vom-Pivitsweg-768x576.jpg 768w\" sizes=\"auto, (max-width: 709px) 85vw, (max-width: 909px) 67vw, (max-width: 1362px) 62vw, 840px\" \/><figcaption>Sunderbach vom Pivitsweg. Im Hintergrund die Autobahn 33 (Korff 2017)<\/figcaption><\/figure>\n\n\n\n<p>Die Quelle befindet sich in der S\u00fcdwestecke der Kreuzung von S\u00fcdring und Bahnstrecke Bielefeld-Hamm. Der Bach folgt begradigt, praktisch wie ein Graben, \u00fcber 1,1 km dem Sunderweg, unterquert an der Einm\u00fcndung Sunderweg\/Winterstra\u00dfe die Winterstra\u00dfe und nimmt westlich der Stra\u00dfe von rechts einen namenlosen Nebenbach auf. Gleich anschlie\u00dfend unterquert der Sunderbach die neue Autobahn 33. Er umflie\u00dft die kreuzf\u00f6rmige Anschlussstelle Bielefeld-Zentrum direkt am B\u00f6schungsrand s\u00fcdlich. Dies ist seltsamerweise der einzige Bachabschnitt mit naturnahem Verlauf. Rd. 300 m s\u00fcdwestlich des Kreuzes unterquert er, in den Wiesen wieder begradigt, den Pivitsweg und flie\u00dft an einem Waldrand entlang weiter Richtung Ummeln. 170 m westlich der Stra\u00dfe knickt er nach S\u00fcdosten ab und flie\u00dft dem dort ebenfalls begradigten <strong><a href=\"https:\/\/bielefelder-baeche.de\/?p=482\">Grippenbach<\/a><\/strong> genau entgegen. Die B\u00e4che vereinigen sich und knicken unter dem Namen Sunderbach nach S\u00fcdwesten ab. 400 m weiter westlich und 85 m \u00f6stlich der Kasseler Stra\u00dfe m\u00fcndet der Sunderbach von rechts in den <strong><a href=\"https:\/\/bielefelder-baeche.de\/?p=460\">Tr\u00fcggelbach<\/a><\/strong>.<\/p>\n\n\n\n<h3 class=\"wp-block-heading\">Bedroht durch Stra\u00dfenbaupl\u00e4ne<\/h3>\n\n\n\n<p>Der\u00a0<a href=\"https:\/\/www.bezreg-detmold.nrw.de\/200_Aufgaben\/010_Planung_und_Verkehr\/Planfeststellung___Plangenehmigung\/Info_zu_Planfeststellungsverfahren\/Verfahrensuebersicht\/A_33-B_61_Zubringer_Ummeln\/Anhang_Planfeststellungsb_nicht_freigeben\/2016_09_27_PFB_A_33_B61_Zubringer_OU_Ummeln.pdf\">geplante Bau einer Bundesstra\u00dfe 61 neu (Ortsumgehung Ummeln)<\/a>, also die bis zu sechsspurige Fortsetzung des Ostwestfalendamms nach S\u00fcdwesten, w\u00fcrde die Bachl\u00e4ufe von Sunderbach und Grippenbach weitgehend zerst\u00f6ren und wohl auch massiv in den Grundwasserk\u00f6rper eingreifen. Deshalb lehnen die Bielefelder Naturschutzverb\u00e4nde gemeinsam mit einer B\u00fcrgerinitiative diese Pl\u00e4ne entschieden ab.\u00a0 Das Landesb\u00fcro der Naturschutzverb\u00e4nde begr\u00fcndete seine <a href=\"https:\/\/www.lb-naturschutz-nrw.de\/fileadmin\/redaktion\/Fachthemen\/Stra_bau\/BVWP_2030\/A33-IP10-NW-IP_B_61_OU_Bielefeld_Ummeln.pdf\">ablehnende Stellungnahme<\/a> u.a. so: &#8222;Es werden zwei hoch schutzw\u00fcrdige gesetzlich gesch\u00fctzte Biotope von der B 61n-Trasse \u00fcberplant, der Biotopkomplex am Grippenbach mit einem naturnahen Bach, Ufergeh\u00f6lzen und einem tot- und altholzreichen Waldbestand (u.a. wichtiges Bruthabitat f\u00fcr H\u00f6hlenbr\u00fcter wie <a href=\"https:\/\/de.wikipedia.org\/wiki\/Gr%C3%BCnspecht\">Gr\u00fcnspecht <\/a>und <a href=\"https:\/\/de.wikipedia.org\/wiki\/Trauerschn%C3%A4pper\">Trauerschn\u00e4pper<\/a> als Rote-Liste-Arten) und ein <a href=\"https:\/\/de.wikipedia.org\/wiki\/Bruchwald\">Erlenbruchwald<\/a> mit Vorkommen des <a href=\"https:\/\/de.wikipedia.org\/wiki\/K%C3%B6nigsfarn\">K\u00f6nigsfarnes<\/a> &#8230; und einer wichtigen Bedeutung f\u00fcr Amphibien und V\u00f6gel. In beide Biotope wird direkt durch die Fl\u00e4cheninanspruchnahme und indirekt durch Ver\u00e4nderungen des Grundwasserhaushaltes sowie Immissionen erheblich eingegriffen.&#8220; <\/p>\n\n\n\n<p>Da die Verkehrsplanung nach unserer Auffassung gegen die Wasserrahmenrichtlinie der EU verst\u00f6\u00dft, liegt eine Klage vor dem Europ\u00e4ischen Gerichtshof vor (<a href=\"https:\/\/www.nw.de\/lokal\/bielefeld\/brackwede\/22553701_Europaeischer-Gerichtshof-entscheidet-zu-Bielefelder-Ortsumgehung.html\">Neue Westf\u00e4lische 6.9.2019<\/a>). <\/p>\n","protected":false},"excerpt":{"rendered":"<p>Quelle: am S\u00fcdring, in H\u00f6he der Bahn\u00fcberf\u00fchrungM\u00fcndung: \u00f6stlich der Kasseler Stra\u00dfe in den Tr\u00fcggelbachL\u00e4nge: 2,7 km (6 Br\u00fccken)Nebenb\u00e4che: Grippenbach (l.)Bachsystem: Tr\u00fcggelbach &gt; Lutter I (Ems-Lutter) Der Sunderbach (Wikipedia) entspringt am S\u00fcdrand von Brackwede, in einem schmalen Geh\u00f6lz an der S\u00fcdseite des S\u00fcdrings und an der Westseite des Bahndamms. Er flie\u00dft meist in s\u00fcdwestlicher Richtung ab, &hellip; <a href=\"https:\/\/bielefelder-baeche.de\/?p=477\" class=\"more-link\"><span class=\"screen-reader-text\">\u201eSunderbach\u201c <\/span>weiterlesen<\/a><\/p>\n","protected":false},"author":1,"featured_media":478,"comment_status":"open","ping_status":"open","sticky":false,"template":"","format":"standard","meta":{"footnotes":""},"categories":[9,8],"tags":[],"class_list":["post-477","post","type-post","status-publish","format-standard","has-post-thumbnail","hentry","category-brackwede","category-ummeln"],"_links":{"self":[{"href":"https:\/\/bielefelder-baeche.de\/index.php?rest_route=\/wp\/v2\/posts\/477","targetHints":{"allow":["GET"]}}],"collection":[{"href":"https:\/\/bielefelder-baeche.de\/index.php?rest_route=\/wp\/v2\/posts"}],"about":[{"href":"https:\/\/bielefelder-baeche.de\/index.php?rest_route=\/wp\/v2\/types\/post"}],"author":[{"embeddable":true,"href":"https:\/\/bielefelder-baeche.de\/index.php?rest_route=\/wp\/v2\/users\/1"}],"replies":[{"embeddable":true,"href":"https:\/\/bielefelder-baeche.de\/index.php?rest_route=%2Fwp%2Fv2%2Fcomments&post=477"}],"version-history":[{"count":5,"href":"https:\/\/bielefelder-baeche.de\/index.php?rest_route=\/wp\/v2\/posts\/477\/revisions"}],"predecessor-version":[{"id":500,"href":"https:\/\/bielefelder-baeche.de\/index.php?rest_route=\/wp\/v2\/posts\/477\/revisions\/500"}],"wp:featuredmedia":[{"embeddable":true,"href":"https:\/\/bielefelder-baeche.de\/index.php?rest_route=\/wp\/v2\/media\/478"}],"wp:attachment":[{"href":"https:\/\/bielefelder-baeche.de\/index.php?rest_route=%2Fwp%2Fv2%2Fmedia&parent=477"}],"wp:term":[{"taxonomy":"category","embeddable":true,"href":"https:\/\/bielefelder-baeche.de\/index.php?rest_route=%2Fwp%2Fv2%2Fcategories&post=477"},{"taxonomy":"post_tag","embeddable":true,"href":"https:\/\/bielefelder-baeche.de\/index.php?rest_route=%2Fwp%2Fv2%2Ftags&post=477"}],"curies":[{"name":"wp","href":"https:\/\/api.w.org\/{rel}","templated":true}]}}