{"id":482,"date":"2020-02-14T13:55:36","date_gmt":"2020-02-14T13:55:36","guid":{"rendered":"http:\/\/bielefelder-baeche.de\/?p=482"},"modified":"2023-01-10T15:14:18","modified_gmt":"2023-01-10T15:14:18","slug":"grippenbach","status":"publish","type":"post","link":"https:\/\/bielefelder-baeche.de\/?p=482","title":{"rendered":"Grippenbach"},"content":{"rendered":"\n<p><strong>Quelle:<\/strong> an der Duisburger Stra\u00dfe in H\u00f6he Haus 25<br><strong>M\u00fcndung:<\/strong> bei Asholts Hof in den Sunderbach<br><strong>L\u00e4nge:<\/strong> 2,2 km (6 Br\u00fccken)<br><strong>Bachsystem: <\/strong><a href=\"https:\/\/bielefelder-baeche.de\/?p=477\">Sunderbach<\/a> > <a href=\"https:\/\/bielefelder-baeche.de\/?p=460\">Tr\u00fcggelbach<\/a> > <a href=\"https:\/\/bielefelder-baeche.de\/?p=63\">Lutter I<\/a> (Ems-Lutter) <\/p>\n\n\n\n<p>Der Grippenbach entspringt s\u00fcdlich von Brackwede an der Duisburger Stra\u00dfe gegen\u00fcber von Haus 25 (bekannt als Nachtclub). Er flie\u00dft in s\u00fcdwestlicher Richtung n\u00f6rdlich parallel zum Tr\u00fcggelbach, speist den Bockschatzteich (Brackweder See), unterquert die neue Autobahn 33 und m\u00fcndet bei Asholts Hof in den <a href=\"https:\/\/bielefelder-baeche.de\/?p=477\">Sunderbach<\/a>. Er ist ein teilweise naturnaher Waldbach.<\/p>\n\n\n\n<!--more-->\n\n\n\n<figure class=\"wp-block-image size-large\"><img loading=\"lazy\" decoding=\"async\" width=\"1024\" height=\"768\" src=\"https:\/\/bielefelder-baeche.de\/wp-content\/uploads\/2020\/02\/IMG_0469.jpg\" alt=\"\" class=\"wp-image-485\" srcset=\"https:\/\/bielefelder-baeche.de\/wp-content\/uploads\/2020\/02\/IMG_0469.jpg 1024w, https:\/\/bielefelder-baeche.de\/wp-content\/uploads\/2020\/02\/IMG_0469-300x225.jpg 300w, https:\/\/bielefelder-baeche.de\/wp-content\/uploads\/2020\/02\/IMG_0469-768x576.jpg 768w\" sizes=\"auto, (max-width: 709px) 85vw, (max-width: 909px) 67vw, (max-width: 1362px) 62vw, 840px\" \/><figcaption class=\"wp-element-caption\">Grippenbach-M\u00e4ander an der Winterstra\u00dfe (Korff 2018)<\/figcaption><\/figure>\n\n\n\n<figure class=\"wp-block-image size-large\"><img loading=\"lazy\" decoding=\"async\" width=\"1024\" height=\"768\" src=\"https:\/\/bielefelder-baeche.de\/wp-content\/uploads\/2020\/02\/IMG_0470.jpg\" alt=\"\" class=\"wp-image-487\" srcset=\"https:\/\/bielefelder-baeche.de\/wp-content\/uploads\/2020\/02\/IMG_0470.jpg 1024w, https:\/\/bielefelder-baeche.de\/wp-content\/uploads\/2020\/02\/IMG_0470-300x225.jpg 300w, https:\/\/bielefelder-baeche.de\/wp-content\/uploads\/2020\/02\/IMG_0470-768x576.jpg 768w\" sizes=\"auto, (max-width: 709px) 85vw, (max-width: 909px) 67vw, (max-width: 1362px) 62vw, 840px\" \/><figcaption class=\"wp-element-caption\">Im Wald an der Winterstra\u00dfe (Korff 2018)<\/figcaption><\/figure>\n\n\n\n<figure class=\"wp-block-image size-large\"><img loading=\"lazy\" decoding=\"async\" width=\"1024\" height=\"768\" src=\"https:\/\/bielefelder-baeche.de\/wp-content\/uploads\/2020\/02\/IMG_0471-1.jpg\" alt=\"\" class=\"wp-image-488\" srcset=\"https:\/\/bielefelder-baeche.de\/wp-content\/uploads\/2020\/02\/IMG_0471-1.jpg 1024w, https:\/\/bielefelder-baeche.de\/wp-content\/uploads\/2020\/02\/IMG_0471-1-300x225.jpg 300w, https:\/\/bielefelder-baeche.de\/wp-content\/uploads\/2020\/02\/IMG_0471-1-768x576.jpg 768w\" sizes=\"auto, (max-width: 709px) 85vw, (max-width: 909px) 67vw, (max-width: 1362px) 62vw, 840px\" \/><figcaption class=\"wp-element-caption\">Bei Asholts Hof. Durch Stra\u00dfenbaupl\u00e4ne bedroht! (Korff 2018)<\/figcaption><\/figure>\n\n\n\n<figure class=\"wp-block-image size-large\"><img loading=\"lazy\" decoding=\"async\" width=\"1024\" height=\"768\" src=\"https:\/\/bielefelder-baeche.de\/wp-content\/uploads\/2020\/02\/P1150043.jpg\" alt=\"\" class=\"wp-image-489\" srcset=\"https:\/\/bielefelder-baeche.de\/wp-content\/uploads\/2020\/02\/P1150043.jpg 1024w, https:\/\/bielefelder-baeche.de\/wp-content\/uploads\/2020\/02\/P1150043-300x225.jpg 300w, https:\/\/bielefelder-baeche.de\/wp-content\/uploads\/2020\/02\/P1150043-768x576.jpg 768w\" sizes=\"auto, (max-width: 709px) 85vw, (max-width: 909px) 67vw, (max-width: 1362px) 62vw, 840px\" \/><figcaption class=\"wp-element-caption\">Stauteich bei Asholts Hof (Korff 2018)<\/figcaption><\/figure>\n\n\n\n<p>Von der Quelle an der Duisburger Stra\u00dfe flie\u00dft der Sunderbach rd. 400 m durch den Wald bei Bockschatz Hof in s\u00fcdwestlicher Richtung und m\u00fcndet in den <strong>Bockschatzteich (Brackweder See)<\/strong>, der das dortige Naherholungs- und Angelgebiet pr\u00e4gt. Er verl\u00e4sst den See in s\u00fcdwestlicher Richtung, unterquert nach 200 m die Bahnstrecke Bielefeld-Hamm und flie\u00dft westlich derselben weiter \u00fcber 300 m durch Wald, dabei M\u00e4ander ausbildend, die sich tief in den Sandboden eingeschnitten haben. Er unterquert die Winterstra\u00dfe und die neue Autobahn 33. In dem W\u00e4ldchen s\u00fcdlich der Anschlussstelle Bielefeld-Zentrum und n\u00f6rdlich der Siedlung S\u00fcdwestfeld bildet der Grippenbach als naturnaher Waldbach M\u00e4ander aus, hier in westlicher Richtung flie\u00dfend. Nahe der Einm\u00fcndung Sunderweg und n\u00f6rdlich des gleichnamigen Hofes unterquert er den Weg <strong>Asholts Hof<\/strong>. Gut 100 m weiter westlich knickt er, nun begradigt, nach Nordwesten ab und m\u00fcndet von links in den dort genau entgegenlaufenden <strong><a href=\"https:\/\/bielefelder-baeche.de\/?p=477\">Sunderbach<\/a><\/strong>.<\/p>\n\n\n\n<h3 class=\"wp-block-heading\">Der Name<\/h3>\n\n\n\n<p>Der Grippenbach war noch bis zum Beginn des 20. Jahrhunderts unter seiner niederdeutschen Bezeichnung &#8222;Greipenbach&#8220; bekannt. Unter einer &#8222;Greipe&#8220; (bzw. hochdeutsch &#8222;Greife&#8220;) verstand man eine Art Heugabel. Die sich verzweigenden Quellarme des Baches erinnerten in ihrer Anordnung an die Form einer Heugabel.<\/p>\n\n\n\n<h3 class=\"wp-block-heading\">Bedroht durch Stra\u00dfenbaupl\u00e4ne<\/h3>\n\n\n\n<p>Der <a href=\"https:\/\/www.bezreg-detmold.nrw.de\/200_Aufgaben\/010_Planung_und_Verkehr\/Planfeststellung___Plangenehmigung\/Info_zu_Planfeststellungsverfahren\/Verfahrensuebersicht\/A_33-B_61_Zubringer_Ummeln\/Anhang_Planfeststellungsb_nicht_freigeben\/2016_09_27_PFB_A_33_B61_Zubringer_OU_Ummeln.pdf\">geplante Bau einer Bundesstra\u00dfe 61 neu (Ortsumgehung Ummeln)<\/a>, also die bis zu sechsspurige Fortsetzung des Ostwestfalendamms nach S\u00fcdwesten, w\u00fcrde die Bachl\u00e4ufe von Sunderbach und Grippenbach weitgehend zerst\u00f6ren und wohl auch massiv in den Grundwasserk\u00f6rper eingreifen. Deshalb lehnen die Bielefelder Naturschutzverb\u00e4nde gemeinsam mit einer B\u00fcrgerinitiative diese Pl\u00e4ne entschieden ab. Das Landesb\u00fcro der Naturschutzverb\u00e4nde begr\u00fcndete seine <a href=\"https:\/\/www.lb-naturschutz-nrw.de\/fileadmin\/redaktion\/Fachthemen\/Stra_bau\/BVWP_2030\/A33-IP10-NW-IP_B_61_OU_Bielefeld_Ummeln.pdf\">ablehnende Stellungnahme<\/a> u.a. so: &#8222;Es werden zwei hoch schutzw\u00fcrdige gesetzlich gesch\u00fctzte Biotope von der B 61n-Trasse \u00fcberplant, der Biotopkomplex am Grippenbach mit einem naturnahen Bach, Ufergeh\u00f6lzen und einem tot- und altholzreichen Waldbestand (u.a. wichtiges Bruthabitat f\u00fcr H\u00f6hlenbr\u00fcter wie <a href=\"https:\/\/de.wikipedia.org\/wiki\/Gr%C3%BCnspecht\">Gr\u00fcnspecht <\/a>und <a href=\"https:\/\/de.wikipedia.org\/wiki\/Trauerschn%C3%A4pper\">Trauerschn\u00e4pper<\/a> als Rote-Liste-Arten) und ein <a href=\"https:\/\/de.wikipedia.org\/wiki\/Bruchwald\">Erlenbruchwald<\/a> mit Vorkommen des <a href=\"https:\/\/de.wikipedia.org\/wiki\/K%C3%B6nigsfarn\">K\u00f6nigsfarnes<\/a> &#8230; und einer wichtigen Bedeutung f\u00fcr Amphibien und V\u00f6gel. In beide Biotope wird direkt durch die Fl\u00e4cheninanspruchnahme und indirekt durch Ver\u00e4nderungen des Grundwasserhaushaltes sowie Immissionen erheblich eingegriffen.&#8220; <\/p>\n\n\n\n<p>Da die Verkehrsplanung nach unserer Auffassung gegen die Wasserrahmenrichtlinie der EU verst\u00f6\u00dft, liegt eine Klage vor dem Europ\u00e4ischen Gerichtshof vor (<a href=\"https:\/\/www.nw.de\/lokal\/bielefeld\/brackwede\/22553701_Europaeischer-Gerichtshof-entscheidet-zu-Bielefelder-Ortsumgehung.html\">Neue Westf\u00e4lische 6.9.2019<\/a>). <\/p>\n","protected":false},"excerpt":{"rendered":"<p>Quelle: an der Duisburger Stra\u00dfe in H\u00f6he Haus 25M\u00fcndung: bei Asholts Hof in den SunderbachL\u00e4nge: 2,2 km (6 Br\u00fccken)Bachsystem: Sunderbach > Tr\u00fcggelbach > Lutter I (Ems-Lutter) Der Grippenbach entspringt s\u00fcdlich von Brackwede an der Duisburger Stra\u00dfe gegen\u00fcber von Haus 25 (bekannt als Nachtclub). Er flie\u00dft in s\u00fcdwestlicher Richtung n\u00f6rdlich parallel zum Tr\u00fcggelbach, speist den Bockschatzteich &hellip; <a href=\"https:\/\/bielefelder-baeche.de\/?p=482\" class=\"more-link\"><span class=\"screen-reader-text\">\u201eGrippenbach\u201c <\/span>weiterlesen<\/a><\/p>\n","protected":false},"author":1,"featured_media":483,"comment_status":"open","ping_status":"open","sticky":false,"template":"","format":"standard","meta":{"footnotes":""},"categories":[9,8],"tags":[],"class_list":["post-482","post","type-post","status-publish","format-standard","has-post-thumbnail","hentry","category-brackwede","category-ummeln"],"_links":{"self":[{"href":"https:\/\/bielefelder-baeche.de\/index.php?rest_route=\/wp\/v2\/posts\/482","targetHints":{"allow":["GET"]}}],"collection":[{"href":"https:\/\/bielefelder-baeche.de\/index.php?rest_route=\/wp\/v2\/posts"}],"about":[{"href":"https:\/\/bielefelder-baeche.de\/index.php?rest_route=\/wp\/v2\/types\/post"}],"author":[{"embeddable":true,"href":"https:\/\/bielefelder-baeche.de\/index.php?rest_route=\/wp\/v2\/users\/1"}],"replies":[{"embeddable":true,"href":"https:\/\/bielefelder-baeche.de\/index.php?rest_route=%2Fwp%2Fv2%2Fcomments&post=482"}],"version-history":[{"count":6,"href":"https:\/\/bielefelder-baeche.de\/index.php?rest_route=\/wp\/v2\/posts\/482\/revisions"}],"predecessor-version":[{"id":623,"href":"https:\/\/bielefelder-baeche.de\/index.php?rest_route=\/wp\/v2\/posts\/482\/revisions\/623"}],"wp:featuredmedia":[{"embeddable":true,"href":"https:\/\/bielefelder-baeche.de\/index.php?rest_route=\/wp\/v2\/media\/483"}],"wp:attachment":[{"href":"https:\/\/bielefelder-baeche.de\/index.php?rest_route=%2Fwp%2Fv2%2Fmedia&parent=482"}],"wp:term":[{"taxonomy":"category","embeddable":true,"href":"https:\/\/bielefelder-baeche.de\/index.php?rest_route=%2Fwp%2Fv2%2Fcategories&post=482"},{"taxonomy":"post_tag","embeddable":true,"href":"https:\/\/bielefelder-baeche.de\/index.php?rest_route=%2Fwp%2Fv2%2Ftags&post=482"}],"curies":[{"name":"wp","href":"https:\/\/api.w.org\/{rel}","templated":true}]}}