{"id":649,"date":"2023-04-25T08:34:29","date_gmt":"2023-04-25T08:34:29","guid":{"rendered":"https:\/\/bielefelder-baeche.de\/?p=649"},"modified":"2023-04-25T08:51:15","modified_gmt":"2023-04-25T08:51:15","slug":"fahrraddemo-fuer-die-johannesbachaue","status":"publish","type":"post","link":"https:\/\/bielefelder-baeche.de\/?p=649","title":{"rendered":"Fahrraddemo f\u00fcr die Johannisbachaue"},"content":{"rendered":"\n<p>250 Radfahrer*innen demonstrierten am 22. April 2023 auf der Herforder Stra\u00dfe in Bielefeld. Sie wollen den drohenden Bau der L 712 n und Neubau der Herforder Stra\u00dfe stoppen. Diese Projekte aus der Betonzeit w\u00fcrden die Johannisbachaue massiv besch\u00e4digen und sind verkehrspolitisch so \u00fcberfl\u00fcssig wie Kassel-Calden. <a href=\"https:\/\/bielefeld.bund.net\/service\/meldungen\/detail\/news\/fahrraddemonstration-fuer-den-schutz-des-johannisbachtals\/\">Fotos von der Demo und der Baumpflanz-Aktion an der Meerwiese<\/a> in Brake. <\/p>\n\n\n\n<!--more-->\n\n\n\n<figure class=\"wp-block-image size-full\"><img loading=\"lazy\" decoding=\"async\" width=\"1000\" height=\"629\" src=\"https:\/\/bielefelder-baeche.de\/wp-content\/uploads\/2023\/04\/Baumpflanzung-Johannisbachaue.jpg\" alt=\"\" class=\"wp-image-652\" srcset=\"https:\/\/bielefelder-baeche.de\/wp-content\/uploads\/2023\/04\/Baumpflanzung-Johannisbachaue.jpg 1000w, https:\/\/bielefelder-baeche.de\/wp-content\/uploads\/2023\/04\/Baumpflanzung-Johannisbachaue-300x189.jpg 300w, https:\/\/bielefelder-baeche.de\/wp-content\/uploads\/2023\/04\/Baumpflanzung-Johannisbachaue-768x483.jpg 768w\" sizes=\"auto, (max-width: 709px) 85vw, (max-width: 909px) 67vw, (max-width: 1362px) 62vw, 840px\" \/><\/figure>\n\n\n\n<p><em>Baumpflanz-Aktion des BUND Bielefeld in der Johannisbachaue bei Brake, 22. April 2023 (Foto: Niemeyer-L\u00fcllwitz) <\/em><\/p>\n\n\n\n<figure class=\"wp-block-image size-large\"><img loading=\"lazy\" decoding=\"async\" width=\"1024\" height=\"768\" src=\"https:\/\/bielefelder-baeche.de\/wp-content\/uploads\/2023\/04\/Kerksiekbach-Muendung-1024x768.jpg\" alt=\"\" class=\"wp-image-654\" srcset=\"https:\/\/bielefelder-baeche.de\/wp-content\/uploads\/2023\/04\/Kerksiekbach-Muendung-1024x768.jpg 1024w, https:\/\/bielefelder-baeche.de\/wp-content\/uploads\/2023\/04\/Kerksiekbach-Muendung-300x225.jpg 300w, https:\/\/bielefelder-baeche.de\/wp-content\/uploads\/2023\/04\/Kerksiekbach-Muendung-768x576.jpg 768w, https:\/\/bielefelder-baeche.de\/wp-content\/uploads\/2023\/04\/Kerksiekbach-Muendung-1536x1152.jpg 1536w, https:\/\/bielefelder-baeche.de\/wp-content\/uploads\/2023\/04\/Kerksiekbach-Muendung-1200x900.jpg 1200w, https:\/\/bielefelder-baeche.de\/wp-content\/uploads\/2023\/04\/Kerksiekbach-Muendung.jpg 2048w\" sizes=\"auto, (max-width: 709px) 85vw, (max-width: 909px) 67vw, (max-width: 1362px) 62vw, 840px\" \/><\/figure>\n\n\n\n<p><em>M\u00fcndung des Kerksiekbachs in den n\u00f6rdlichen Johannisbach-Arm bei Brake. Auch dieses St\u00fcck Natur soll nach dem Willen der Stra\u00dfenplaner zubetoniert werden. (Foto: Korff)<\/em> <\/p>\n","protected":false},"excerpt":{"rendered":"<p>250 Radfahrer*innen demonstrierten am 22. April 2023 auf der Herforder Stra\u00dfe in Bielefeld. Sie wollen den drohenden Bau der L 712 n und Neubau der Herforder Stra\u00dfe stoppen. Diese Projekte aus der Betonzeit w\u00fcrden die Johannisbachaue massiv besch\u00e4digen und sind verkehrspolitisch so \u00fcberfl\u00fcssig wie Kassel-Calden. Fotos von der Demo und der Baumpflanz-Aktion an der Meerwiese &hellip; <a href=\"https:\/\/bielefelder-baeche.de\/?p=649\" class=\"more-link\"><span class=\"screen-reader-text\">\u201eFahrraddemo f\u00fcr die Johannisbachaue\u201c <\/span>weiterlesen<\/a><\/p>\n","protected":false},"author":1,"featured_media":650,"comment_status":"open","ping_status":"open","sticky":false,"template":"","format":"standard","meta":{"footnotes":""},"categories":[31,24,23],"tags":[47,45],"class_list":["post-649","post","type-post","status-publish","format-standard","has-post-thumbnail","hentry","category-baumheide","category-brake","category-milse","tag-aktionen","tag-radtour"],"_links":{"self":[{"href":"https:\/\/bielefelder-baeche.de\/index.php?rest_route=\/wp\/v2\/posts\/649","targetHints":{"allow":["GET"]}}],"collection":[{"href":"https:\/\/bielefelder-baeche.de\/index.php?rest_route=\/wp\/v2\/posts"}],"about":[{"href":"https:\/\/bielefelder-baeche.de\/index.php?rest_route=\/wp\/v2\/types\/post"}],"author":[{"embeddable":true,"href":"https:\/\/bielefelder-baeche.de\/index.php?rest_route=\/wp\/v2\/users\/1"}],"replies":[{"embeddable":true,"href":"https:\/\/bielefelder-baeche.de\/index.php?rest_route=%2Fwp%2Fv2%2Fcomments&post=649"}],"version-history":[{"count":5,"href":"https:\/\/bielefelder-baeche.de\/index.php?rest_route=\/wp\/v2\/posts\/649\/revisions"}],"predecessor-version":[{"id":660,"href":"https:\/\/bielefelder-baeche.de\/index.php?rest_route=\/wp\/v2\/posts\/649\/revisions\/660"}],"wp:featuredmedia":[{"embeddable":true,"href":"https:\/\/bielefelder-baeche.de\/index.php?rest_route=\/wp\/v2\/media\/650"}],"wp:attachment":[{"href":"https:\/\/bielefelder-baeche.de\/index.php?rest_route=%2Fwp%2Fv2%2Fmedia&parent=649"}],"wp:term":[{"taxonomy":"category","embeddable":true,"href":"https:\/\/bielefelder-baeche.de\/index.php?rest_route=%2Fwp%2Fv2%2Fcategories&post=649"},{"taxonomy":"post_tag","embeddable":true,"href":"https:\/\/bielefelder-baeche.de\/index.php?rest_route=%2Fwp%2Fv2%2Ftags&post=649"}],"curies":[{"name":"wp","href":"https:\/\/api.w.org\/{rel}","templated":true}]}}